{"id":897,"date":"2011-09-19T09:00:39","date_gmt":"2011-09-19T09:00:39","guid":{"rendered":"http:\/\/www.kulturflecken.de\/wordpress\/?p=897"},"modified":"2011-12-19T09:38:54","modified_gmt":"2011-12-19T09:38:54","slug":"programm-des-kulturflecken-silberstern-e-v-2-halfte-2011","status":"publish","type":"post","link":"https:\/\/www.kulturflecken.de\/wordpress\/?p=897","title":{"rendered":"Programm des KulturFlecken Silberstern e.V. \u2013 2. H\u00e4lfte 2011"},"content":{"rendered":"<p><a href=\"http:\/\/www.kulturflecken.de\/wordpress\/wp-content\/uploads\/programm2-2011.jpg\"><img loading=\"lazy\" decoding=\"async\" src=\"http:\/\/www.kulturflecken.de\/wordpress\/wp-content\/uploads\/programm2-2011-300x300.jpg\" alt=\"\" title=\"programm2-2011\" width=\"300\" height=\"300\" class=\"alignleft size-medium wp-image-898\" srcset=\"https:\/\/www.kulturflecken.de\/wordpress\/wp-content\/uploads\/programm2-2011-300x300.jpg 300w, https:\/\/www.kulturflecken.de\/wordpress\/wp-content\/uploads\/programm2-2011-150x150.jpg 150w, https:\/\/www.kulturflecken.de\/wordpress\/wp-content\/uploads\/programm2-2011.jpg 350w\" sizes=\"auto, (max-width: 300px) 100vw, 300px\" \/><\/a><strong>Liebe Freunde des KulturFlecken Silberstern e.V.,<\/strong><\/p>\n<p>die NRW \u2013 Sommerferien sind vor\u00fcber, und wir starten in diesem Jahr  erst im September in die  2. Veranstaltungsphase des Jahres 2011,  dies aber mit Elan und einem abwechslungsreichen Programm.<br \/>\nMit neun Programmbausteinen von September bis Dezember wollen wir Ihnen Appetit machen auf die weitere Nischenkultur-Saison und haben Bew\u00e4hrtes mit Neuem gemischt.<br \/>\nDa viele Anmeldungen im letzten Halbjahr wegen der begrenzten Teilnehmerzahlen nicht ber\u00fccksichtigt werden konnten, bieten wir z.B. die Fotoworkshops und die gef\u00fchrten Wanderungen durchs Wildenburger Land noch einmal an. Wesentlich st\u00e4rker ist unser 4. K \u2013 die Kooperation mit anderen Vereinen \u2013 in den Vordergrund getreten: schon traditionell findet  die JungeKunstschmiede in Zusammenarbeit mit FRids e.V. statt und besonders m\u00f6chten wir Sie auf die gemeinsamen Veranstaltungen mit dem Technikmuseum aufmerksam machen, das uns mit seinem gro\u00dfem Engagement  ein sehr willkommener Netzwerkpartner ist.<br \/>\nWie immer danken wir ganz herzlich unseren F\u00f6rderern, Sponsoren und Vorverkaufspartnern  und allen Mitgliedern. Halten Sie uns die Treue, denn nur so k\u00f6nnen wir in Zukunft das servieren, was Sie sch\u00e4tzen!<\/p>\n<p>Ihre<br \/>\nFriederike Schlebusch<br \/>\nVorsitzende KulturFlecken Silberstern e.V.<\/p>\n<p>Laden Sie <a href=\"http:\/\/www.kulturflecken.de\/wordpress\/?page_id=318\">hier<\/a> das aktuelle Programm als PDF herunter.<\/p>\n","protected":false},"excerpt":{"rendered":"<p>Liebe Freunde des KulturFlecken Silberstern e.V., die NRW \u2013 Sommerferien sind vor\u00fcber, und wir starten in diesem Jahr erst im September in die 2. Veranstaltungsphase des Jahres 2011, dies aber mit Elan und einem abwechslungsreichen Programm. Mit neun Programmbausteinen von &hellip; <a href=\"https:\/\/www.kulturflecken.de\/wordpress\/?p=897\">Weiterlesen <span class=\"meta-nav\">&rarr;<\/span><\/a><\/p>\n","protected":false},"author":1,"featured_media":0,"comment_status":"closed","ping_status":"closed","sticky":false,"template":"","format":"standard","meta":{"ngg_post_thumbnail":0,"footnotes":""},"categories":[1],"tags":[],"class_list":["post-897","post","type-post","status-publish","format-standard","hentry","category-allgemein"],"_links":{"self":[{"href":"https:\/\/www.kulturflecken.de\/wordpress\/index.php?rest_route=\/wp\/v2\/posts\/897","targetHints":{"allow":["GET"]}}],"collection":[{"href":"https:\/\/www.kulturflecken.de\/wordpress\/index.php?rest_route=\/wp\/v2\/posts"}],"about":[{"href":"https:\/\/www.kulturflecken.de\/wordpress\/index.php?rest_route=\/wp\/v2\/types\/post"}],"author":[{"embeddable":true,"href":"https:\/\/www.kulturflecken.de\/wordpress\/index.php?rest_route=\/wp\/v2\/users\/1"}],"replies":[{"embeddable":true,"href":"https:\/\/www.kulturflecken.de\/wordpress\/index.php?rest_route=%2Fwp%2Fv2%2Fcomments&post=897"}],"version-history":[{"count":3,"href":"https:\/\/www.kulturflecken.de\/wordpress\/index.php?rest_route=\/wp\/v2\/posts\/897\/revisions"}],"predecessor-version":[{"id":1022,"href":"https:\/\/www.kulturflecken.de\/wordpress\/index.php?rest_route=\/wp\/v2\/posts\/897\/revisions\/1022"}],"wp:attachment":[{"href":"https:\/\/www.kulturflecken.de\/wordpress\/index.php?rest_route=%2Fwp%2Fv2%2Fmedia&parent=897"}],"wp:term":[{"taxonomy":"category","embeddable":true,"href":"https:\/\/www.kulturflecken.de\/wordpress\/index.php?rest_route=%2Fwp%2Fv2%2Fcategories&post=897"},{"taxonomy":"post_tag","embeddable":true,"href":"https:\/\/www.kulturflecken.de\/wordpress\/index.php?rest_route=%2Fwp%2Fv2%2Ftags&post=897"}],"curies":[{"name":"wp","href":"https:\/\/api.w.org\/{rel}","templated":true}]}}