{"id":7606,"date":"2025-06-30T02:30:42","date_gmt":"2025-06-30T02:30:42","guid":{"rendered":"https:\/\/www.kulturflecken.de\/wordpress\/?p=7606"},"modified":"2025-08-04T08:03:41","modified_gmt":"2025-08-04T08:03:41","slug":"30-09-24-kunst-workshop-fuer-gefluechtete-kinder","status":"publish","type":"post","link":"https:\/\/www.kulturflecken.de\/wordpress\/?p=7606","title":{"rendered":"30.06.25 Kunst-Workshop f\u00fcr gefl\u00fcchtete Kinder"},"content":{"rendered":"<p><strong>Mit Kunst die Schrecken des Krieges verarbeiten<\/strong><\/p>\n<p>Kunst und Musik wirken pers\u00f6nlichkeitsbildend und k\u00f6nnen helfen, belastende Erlebnisse zu verarbeiten. Ein besonderes Workshop-Angebot des KulturFlecken richtete sich im Schuljahr 2023\/2024 erfolgreich an Kinder, die aus Krisengebieten der Welt fl\u00fcchten mussten und nun in Freudenberg leben. So konnten ein regelm\u00e4\u00dfig  stattfindender Kunst-Workshop f\u00fcr Kinder aus der Ukraine sowie Klavierunterricht f\u00fcr ein M\u00e4dchen aus dem Iran angeboten werden. F\u00fcr Kinder in belastenden Situationen sind Gewohnheiten und Rituale zur Stabilisierung der Pers\u00f6nlichkeit bedeutsam. Regelm\u00e4\u00dfigkeit und Zuverl\u00e4ssigkeit unterst\u00fctzen den allm\u00e4hlichen Prozess der Verarbeitung traumatischer Erlebnisse. Daher ist es uns wichtig, diese beiden  erfolgreichen Angebote auch im kommenden Schuljahr 2024\/2025 weiterzuf\u00fchren. <\/p>\n<p>Der Kunst-Workshop unter der Leitung einer erfahrenen Kunstp\u00e4dagogin findet jeden letzten Montag im Monat in der Alten Schmiede am Silberstern 4a statt.<\/p>\n<table>\n<tbody>\n<tr>\n<td colspan=\"3\">Fotos aus den Kunstworkshops und vom Klavierunterricht:<br \/>ngg_shortcode_0_placeholder<\/td>\n<\/tr>\n<tr>\n<td align=\"left\">Termine:<\/td>\n<td><\/td>\n<td>jeden letzten Montag im Monat von 17:00 &#8211; 18:30: <br \/> 30.09.2024 \/ 28.10.2024 \/ 25.11.2024 \/ 27.01.2025 \/ 24.02.2025 \/ 31.03.2025 \/ 28.04.2025 \/ 26.05.2025 \/ 30.06.2025<\/td>\n<\/tr>\n<tr>\n<td align=\"left\">Ort:<\/td>\n<td><\/td>\n<td align=\"left\">KulturFlecken, Am Silberstern 4a, 57258 Freudenberg<\/td>\n<\/tr>\n<tr>\n<td align=\"right\" colspan=\"3\"><img loading=\"lazy\" decoding=\"async\" src=\"http:\/\/www.kulturflecken.de\/wordpress\/wp-content\/uploads\/LogoKF-4K_2019-05_150px.jpg\" alt=\"\" width=\"150\" height=\"75\" class=\"alignright size-full wp-image-7335\" \/><\/td>\n<\/tr>\n<\/tbody>\n<\/table>\n","protected":false},"excerpt":{"rendered":"<p>Mit Kunst die Schrecken des Krieges verarbeiten Kunst und Musik wirken pers\u00f6nlichkeitsbildend und k\u00f6nnen helfen, belastende Erlebnisse zu verarbeiten. Ein besonderes Workshop-Angebot des KulturFlecken richtete sich im Schuljahr 2023\/2024 erfolgreich an Kinder, die aus Krisengebieten der Welt fl\u00fcchten mussten und &hellip; <a href=\"https:\/\/www.kulturflecken.de\/wordpress\/?p=7606\">Weiterlesen <span class=\"meta-nav\">&rarr;<\/span><\/a><\/p>\n","protected":false},"author":1,"featured_media":0,"comment_status":"closed","ping_status":"closed","sticky":false,"template":"","format":"standard","meta":{"ngg_post_thumbnail":0,"footnotes":""},"categories":[1],"tags":[],"class_list":["post-7606","post","type-post","status-publish","format-standard","hentry","category-allgemein"],"_links":{"self":[{"href":"https:\/\/www.kulturflecken.de\/wordpress\/index.php?rest_route=\/wp\/v2\/posts\/7606","targetHints":{"allow":["GET"]}}],"collection":[{"href":"https:\/\/www.kulturflecken.de\/wordpress\/index.php?rest_route=\/wp\/v2\/posts"}],"about":[{"href":"https:\/\/www.kulturflecken.de\/wordpress\/index.php?rest_route=\/wp\/v2\/types\/post"}],"author":[{"embeddable":true,"href":"https:\/\/www.kulturflecken.de\/wordpress\/index.php?rest_route=\/wp\/v2\/users\/1"}],"replies":[{"embeddable":true,"href":"https:\/\/www.kulturflecken.de\/wordpress\/index.php?rest_route=%2Fwp%2Fv2%2Fcomments&post=7606"}],"version-history":[{"count":3,"href":"https:\/\/www.kulturflecken.de\/wordpress\/index.php?rest_route=\/wp\/v2\/posts\/7606\/revisions"}],"predecessor-version":[{"id":7871,"href":"https:\/\/www.kulturflecken.de\/wordpress\/index.php?rest_route=\/wp\/v2\/posts\/7606\/revisions\/7871"}],"wp:attachment":[{"href":"https:\/\/www.kulturflecken.de\/wordpress\/index.php?rest_route=%2Fwp%2Fv2%2Fmedia&parent=7606"}],"wp:term":[{"taxonomy":"category","embeddable":true,"href":"https:\/\/www.kulturflecken.de\/wordpress\/index.php?rest_route=%2Fwp%2Fv2%2Fcategories&post=7606"},{"taxonomy":"post_tag","embeddable":true,"href":"https:\/\/www.kulturflecken.de\/wordpress\/index.php?rest_route=%2Fwp%2Fv2%2Ftags&post=7606"}],"curies":[{"name":"wp","href":"https:\/\/api.w.org\/{rel}","templated":true}]}}