{"id":4900,"date":"2019-05-17T04:32:26","date_gmt":"2019-05-17T04:32:26","guid":{"rendered":"http:\/\/www.kulturflecken.de\/wordpress\/?p=4900"},"modified":"2019-06-11T15:57:21","modified_gmt":"2019-06-11T15:57:21","slug":"17-und-18-05-2019-malwerkstatt-fuer-erwachsene-kurs-fuer-anfaenger-und-fortgeschrittene-mit-andrea-freiberg","status":"publish","type":"post","link":"https:\/\/www.kulturflecken.de\/wordpress\/?p=4900","title":{"rendered":"17. und 18.05.2019 MalWerkstatt f\u00fcr Erwachsene &#8211; Kurs f\u00fcr Anf\u00e4nger und Fortgeschrittene mit Andrea Freiberg"},"content":{"rendered":"<p><div id=\"attachment_4209\" style=\"width: 230px\" class=\"wp-caption alignleft\"><img loading=\"lazy\" decoding=\"async\" aria-describedby=\"caption-attachment-4209\" src=\"http:\/\/www.kulturflecken.de\/wordpress\/wp-content\/uploads\/Andrea-Freiberg-220x269.jpg\" alt=\"\" width=\"220\" height=\"269\" class=\"size-full wp-image-4209\" \/><p id=\"caption-attachment-4209\" class=\"wp-caption-text\">Andrea Freiberg<\/p><\/div><strong>\u201eStadtskizzen\u201c<\/strong><br \/>\nAn diesem Wochenende haben Sie die M\u00f6glichkeit, die Freudenberger Stadtstruktur und Landschaft zeichnerisch und fotografisch zu untersuchen. Sie lernen dabei verschiedene druckgrafische Techniken kennen und k\u00f6nnen ihre Zeichnungen oder Fotografien im Tiefdruckverfahren bildnerisch verarbeiten. Farben werden dabei experimentell eingesetzt.<br \/>\nAndrea Freiberg, bildende K\u00fcnstlerin, wird Sie beraten und Ihnen Hilfestellungen zu den unterschiedlichen Techniken geben.<br \/>\nBitte mitbringen: Malkittel, Kamera oder Handy mit Kabel<\/p>\n<p>Der Workshop ist auf 8 TeilnehmerInnen begrenzt.<\/p>\n<table>\n<tbody>\n<tr>\n<td colspan=\"3\" valign=\"middle\">\n<div style=\"float: left; margin: 10px;\">ngg_shortcode_0_placeholder<\/div>\n<div><a style=\"color: red;\" href=\"http:\/\/www.kulturflecken.de\/wordpress\/?page_id=4327\">Fotos der MalWerstatt-Veranstaltung 2017<\/a><\/div>\n<\/td>\n<\/tr>\n<tr>\n<td colspan=\"3\" align=\"left\">Die Reihe &#8222;MalWerkstatt&#8220; ist eine Kooperations- veranstaltung des KulturFlecken Silberstern e.V. und des Vereins &#8222;4Fachwerk Mittendrin-Museum&#8220; e.V.<\/td>\n<\/tr>\n<tr>\n<td align=\"left\">Anmeldung:<\/td>\n<td><\/td>\n<td>telefonisch bei Conny Corthym Klein unter 02734\/3836 und durch anschlie\u00dfende \u00dcberweisung der Teilnehmergeb\u00fchr<br \/>\n\tmit dem Stichwort \u201eMalWerkstatt Andrea Freiberg&#8220; (Unsere Bankverbindung finden Sie <a href=\"http:\/\/www.kulturflecken.de\/wordpress\/?page_id=2461\">hier<\/a>.)<\/td>\n<\/tr>\n<tr>\n<td align=\"left\">Termin:<\/td>\n<td><\/td>\n<td>Freitag, 17.05.2019, 19:00 &#8211; 21:00 Uhr und <br \/>Samstag,\t18.05.2019, 10:00 &#8211; 14:00 Uhr<\/td>\n<\/tr>\n<tr>\n<td align=\"left\">Ort:<\/td>\n<td><\/td>\n<td align=\"left\">KulturFlecken, Am Silberstern 4a, 57258 Freudenberg<\/td>\n<\/tr>\n<tr>\n<td align=\"left\">Kosten:<\/td>\n<td><\/td>\n<td align=\"left\">50 \u20ac pro Person f\u00fcr das WE + 10 \u20ac Materialkosten  <\/td>\n<\/tr>\n<tr>\n<td colspan=\"3\" align=\"right\">\n<a href=\"http:\/\/www.4fachwerk.de\" target=\"_blank\"><img loading=\"lazy\" decoding=\"async\" src=\"http:\/\/www.kulturflecken.de\/wordpress\/wp-content\/uploads\/4fachwerk_hoehe60px.jpg\" alt=\"\" width=\"92\" height=\"60\" class=\"alignright size-full wp-image-4206\" \/><\/a><img loading=\"lazy\" decoding=\"async\" src=\"http:\/\/www.kulturflecken.de\/wordpress\/wp-content\/uploads\/kf_hoehe60px.jpg\" alt=\"\" width=\"116\" height=\"60\" class=\"alignright size-full wp-image-4205\" \/><\/td>\n<\/tr>\n<\/tbody>\n<\/table>\n","protected":false},"excerpt":{"rendered":"<p>\u201eStadtskizzen\u201c An diesem Wochenende haben Sie die M\u00f6glichkeit, die Freudenberger Stadtstruktur und Landschaft zeichnerisch und fotografisch zu untersuchen. Sie lernen dabei verschiedene druckgrafische Techniken kennen und k\u00f6nnen ihre Zeichnungen oder Fotografien im Tiefdruckverfahren bildnerisch verarbeiten. Farben werden dabei experimentell eingesetzt. &hellip; <a href=\"https:\/\/www.kulturflecken.de\/wordpress\/?p=4900\">Weiterlesen <span class=\"meta-nav\">&rarr;<\/span><\/a><\/p>\n","protected":false},"author":1,"featured_media":0,"comment_status":"closed","ping_status":"closed","sticky":false,"template":"","format":"standard","meta":{"ngg_post_thumbnail":0,"footnotes":""},"categories":[1,220,15],"tags":[221,44,21],"class_list":["post-4900","post","type-post","status-publish","format-standard","hentry","category-allgemein","category-malwerkstatt","category-workshops","tag-andrea-freiberg","tag-malen","tag-workshop"],"_links":{"self":[{"href":"https:\/\/www.kulturflecken.de\/wordpress\/index.php?rest_route=\/wp\/v2\/posts\/4900","targetHints":{"allow":["GET"]}}],"collection":[{"href":"https:\/\/www.kulturflecken.de\/wordpress\/index.php?rest_route=\/wp\/v2\/posts"}],"about":[{"href":"https:\/\/www.kulturflecken.de\/wordpress\/index.php?rest_route=\/wp\/v2\/types\/post"}],"author":[{"embeddable":true,"href":"https:\/\/www.kulturflecken.de\/wordpress\/index.php?rest_route=\/wp\/v2\/users\/1"}],"replies":[{"embeddable":true,"href":"https:\/\/www.kulturflecken.de\/wordpress\/index.php?rest_route=%2Fwp%2Fv2%2Fcomments&post=4900"}],"version-history":[{"count":2,"href":"https:\/\/www.kulturflecken.de\/wordpress\/index.php?rest_route=\/wp\/v2\/posts\/4900\/revisions"}],"predecessor-version":[{"id":4902,"href":"https:\/\/www.kulturflecken.de\/wordpress\/index.php?rest_route=\/wp\/v2\/posts\/4900\/revisions\/4902"}],"wp:attachment":[{"href":"https:\/\/www.kulturflecken.de\/wordpress\/index.php?rest_route=%2Fwp%2Fv2%2Fmedia&parent=4900"}],"wp:term":[{"taxonomy":"category","embeddable":true,"href":"https:\/\/www.kulturflecken.de\/wordpress\/index.php?rest_route=%2Fwp%2Fv2%2Fcategories&post=4900"},{"taxonomy":"post_tag","embeddable":true,"href":"https:\/\/www.kulturflecken.de\/wordpress\/index.php?rest_route=%2Fwp%2Fv2%2Ftags&post=4900"}],"curies":[{"name":"wp","href":"https:\/\/api.w.org\/{rel}","templated":true}]}}