{"id":7717,"date":"2025-03-30T03:22:59","date_gmt":"2025-03-30T03:22:59","guid":{"rendered":"http:\/\/www.kulturflecken.de\/wordpress\/?p=7717"},"modified":"2025-04-07T17:00:26","modified_gmt":"2025-04-07T17:00:26","slug":"30-03-2025-musikalische-lesung-mit-ingeborg-laengsfeld-natur-und-liebespoesie-maerchenhaft-lyrisch-leidenschaftlich","status":"publish","type":"post","link":"http:\/\/www.kulturflecken.de\/wordpress\/?p=7717","title":{"rendered":"30.03.2025 Musikalische Lesung mit Ingeborg L\u00e4ngsfeld Natur- und Liebespoesie: m\u00e4rchenhaft, lyrisch, leidenschaftlich"},"content":{"rendered":"<p><img loading=\"lazy\" decoding=\"async\" src=\"http:\/\/www.kulturflecken.de\/wordpress\/wp-content\/uploads\/2025-02-03_CandlelightLesung.png\" alt=\"\" width=\"640\" height=\"427\" class=\"size-full wp-image-7777\" srcset=\"http:\/\/www.kulturflecken.de\/wordpress\/wp-content\/uploads\/2025-02-03_CandlelightLesung.png 640w, http:\/\/www.kulturflecken.de\/wordpress\/wp-content\/uploads\/2025-02-03_CandlelightLesung-300x200.png 300w\" sizes=\"auto, (max-width: 640px) 100vw, 640px\" \/><br \/>\nDie in Netphen geborenen Schwestern Elisabeth (1803) verh. Grube und Katharina Diez (1809) und die in Siegen lebende Dichterin Gertrud Hanefeld verbindet ihre Natur- und Liebespoesie \u00fcber 150 Jahre hinweg. <\/p>\n<p>Musikalisch interpretiert durch Barbara Holfeld (Saxophon\/Querfl\u00f6te) und Andreas Vitt (Gitarre) l\u00e4sst Ingeborg L\u00e4ngsfeld ihr Publikum abtauchen in die paradiesische M\u00e4rchenwelt des im 20. Jh. wiederentdeckten, romantischen Kunstm\u00e4rchens von Katharina Diez \u201eDie Schnecke und ihre Freunde und die Reise zur Rose\u201c. <\/p>\n<p>Durch die musikalische Untermalung werden die Charaktere der Protagonisten lautmalerisch dargestellt und verstricken alle Naturwesen in ein bezauberndes Intermezzo. Elisabeth Grube beschw\u00f6rt in romantischem Pathos wortgewaltig alle Facetten der Liebe, Andreas Vitts zarte \u201einner world guitar music\u201c widersetzt sich ihrer Schwere. Die Natur und Liebeslyrik Hanefelds ber\u00fchrt nicht weniger emotional mit wenigen Worten, tiefe Impressionen und poetische Bilder von Leichtigkeit entwerfend.<br \/>\nWeitere Informationen zu Leben und Werk unter \u201eLiteratur-entdecken\u201c.<\/p>\n<table>\n<tbody>\n<tr>\n<td align=\"left\">Termin:<\/td>\n<td><\/td>\n<td>Sonntag, 30.03.2025\t   16:00 Uhr (Einlass 15:30 Uhr)<\/td>\n<\/tr>\n<tr>\n<td align=\"left\">Ort:<\/td>\n<td><\/td>\n<td align=\"left\">Villa Bubenzer, Villa Bubenzer Weg 7, 57258 Freudenberg<\/td>\n<\/tr>\n<tr>\n<td align=\"left\">Eintritt:<\/td>\n<td><\/td>\n<td align=\"left\">Nur TK 15,00 \u20ac<\/td>\n<\/tr>\n<tr>\n<td align=\"right\" colspan=\"3\"><a href=\"https:\/\/www.buergerstiftung-freudenberg.de\/\" target=\"_blank\" rel=\"noopener\"><img loading=\"lazy\" decoding=\"async\" src=\"http:\/\/www.kulturflecken.de\/wordpress\/wp-content\/uploads\/BuergerstiftungGut_75pxhoch.jpg\" alt=\"\" width=\"167\" height=\"75\" class=\"alignright size-full wp-image-7353\" \/><\/a>&nbsp;<a href=\"https:\/\/www.sparkasse-siegen.de\/de\/home.html\" target=\"_blank\" rel=\"noopener\"><img loading=\"lazy\" decoding=\"async\" src=\"http:\/\/www.kulturflecken.de\/wordpress\/wp-content\/uploads\/SPK_75pxhoch.jpg\" alt=\"\" width=\"190\" height=\"75\" class=\"alignright size-full wp-image-7350\" \/><\/a>&nbsp;<img loading=\"lazy\" decoding=\"async\" src=\"http:\/\/www.kulturflecken.de\/wordpress\/wp-content\/uploads\/LogoKF-4K_2019-05_150px.jpg\" alt=\"\" width=\"150\" height=\"75\" class=\"alignright size-full wp-image-7335\" \/><\/td>\n<\/tr>\n<\/tbody>\n<\/table>\n","protected":false},"excerpt":{"rendered":"<p>Musikalisch interpretiert durch Barbara Holfeld (Saxophon\/Querfl\u00f6te) und Andreas Vitt (Gitarre) l\u00e4sst Ingeborg L\u00e4ngsfeld ihr Publikum abtauchen in die paradiesische M\u00e4rchenwelt des im 20. Jh.  <a href=\"http:\/\/www.kulturflecken.de\/wordpress\/?p=7717\">Weiterlesen <span class=\"meta-nav\">&rarr;<\/span><\/a><\/p>\n","protected":false},"author":1,"featured_media":0,"comment_status":"closed","ping_status":"closed","sticky":false,"template":"","format":"standard","meta":{"ngg_post_thumbnail":0,"footnotes":""},"categories":[1,29,171],"tags":[377,376,372,375,159,373,374],"class_list":["post-7717","post","type-post","status-publish","format-standard","hentry","category-allgemein","category-lesung","category-villa-bubenzer","tag-andreas-vitt","tag-barbara-holfeld","tag-ingeborg-laengsfeld","tag-katharina-diez","tag-lesung","tag-musikalische-lesung","tag-schwestern-elisabeth"],"_links":{"self":[{"href":"http:\/\/www.kulturflecken.de\/wordpress\/index.php?rest_route=\/wp\/v2\/posts\/7717","targetHints":{"allow":["GET"]}}],"collection":[{"href":"http:\/\/www.kulturflecken.de\/wordpress\/index.php?rest_route=\/wp\/v2\/posts"}],"about":[{"href":"http:\/\/www.kulturflecken.de\/wordpress\/index.php?rest_route=\/wp\/v2\/types\/post"}],"author":[{"embeddable":true,"href":"http:\/\/www.kulturflecken.de\/wordpress\/index.php?rest_route=\/wp\/v2\/users\/1"}],"replies":[{"embeddable":true,"href":"http:\/\/www.kulturflecken.de\/wordpress\/index.php?rest_route=%2Fwp%2Fv2%2Fcomments&post=7717"}],"version-history":[{"count":3,"href":"http:\/\/www.kulturflecken.de\/wordpress\/index.php?rest_route=\/wp\/v2\/posts\/7717\/revisions"}],"predecessor-version":[{"id":7779,"href":"http:\/\/www.kulturflecken.de\/wordpress\/index.php?rest_route=\/wp\/v2\/posts\/7717\/revisions\/7779"}],"wp:attachment":[{"href":"http:\/\/www.kulturflecken.de\/wordpress\/index.php?rest_route=%2Fwp%2Fv2%2Fmedia&parent=7717"}],"wp:term":[{"taxonomy":"category","embeddable":true,"href":"http:\/\/www.kulturflecken.de\/wordpress\/index.php?rest_route=%2Fwp%2Fv2%2Fcategories&post=7717"},{"taxonomy":"post_tag","embeddable":true,"href":"http:\/\/www.kulturflecken.de\/wordpress\/index.php?rest_route=%2Fwp%2Fv2%2Ftags&post=7717"}],"curies":[{"name":"wp","href":"https:\/\/api.w.org\/{rel}","templated":true}]}}