{"id":49,"date":"2010-01-08T15:37:05","date_gmt":"2010-01-08T15:37:05","guid":{"rendered":"http:\/\/web120.customer.net-spacy.com\/wordpress\/?p=49"},"modified":"2011-02-22T09:29:05","modified_gmt":"2011-02-22T09:29:05","slug":"08-01-2010-um-15-uhr-%e2%80%93-jungekunstschmiede-2","status":"publish","type":"post","link":"http:\/\/www.kulturflecken.de\/wordpress\/?p=49","title":{"rendered":"08.01.2010 um 15 Uhr \u2013 JungeKunstSchmiede"},"content":{"rendered":"<p><em><a href=\"http:\/\/web120.customer.net-spacy.com\/wordpress\/wp-content\/uploads\/JungeKunstSchmiede.jpg\"><img loading=\"lazy\" decoding=\"async\" class=\"alignleft size-medium wp-image-47\" title=\"JungeKunstSchmiede\" src=\"http:\/\/web120.customer.net-spacy.com\/wordpress\/wp-content\/uploads\/JungeKunstSchmiede-300x300.jpg\" alt=\"\" width=\"300\" height=\"300\" srcset=\"http:\/\/www.kulturflecken.de\/wordpress\/wp-content\/uploads\/JungeKunstSchmiede-300x300.jpg 300w, http:\/\/www.kulturflecken.de\/wordpress\/wp-content\/uploads\/JungeKunstSchmiede-150x150.jpg 150w, http:\/\/www.kulturflecken.de\/wordpress\/wp-content\/uploads\/JungeKunstSchmiede.jpg 1024w\" sizes=\"auto, (max-width: 300px) 100vw, 300px\" \/><\/a>Freitag, 08.01.2010<br \/>\num 15:00 Uhr<\/em><br \/>\n<strong>JungeKunstSchmiede<\/strong><\/p>\n<p>Der KulturFlecken Silberstern e.V. bietet in diesem Jahr erstmalig in Zusammenarbeit mit dem Verein FRids &#8211;  Freudenberger Kids e.V. eine regelm\u00e4\u00dfig stattfindende \u201eJungeKunstSchmiede\u201c an, in der interessierte Kinder und Jugendliche  1x pro Monat unter der Leitung erfahrener Kunstp\u00e4dagogen in unterschiedlichen  Techniken k\u00fcnstlerisch arbeiten k\u00f6nnen. Am Ende des Halbjahres findet  eine \u00f6ffentliche Pr\u00e4sentation der entstandenen Arbeiten statt.<\/p>\n<p>Ort:<br \/>\nAlte Schmiede am Silberstern 4, 57258 Freudenberg<\/p>\n<p>Termine:<br \/>\njeweils Freitag 15-17.30 Uhr<\/p>\n<p>Kosten:<br \/>\n5 \u20ac pro Nachmittag zzgl. Materialkosten<\/p>\n<p>Anmeldung:<br \/>\nFRids e.V.;  kontakt@frids.info oder Tel: 433 758<\/p>\n<p>Web: www.frids.info<\/p>\n<p>8.1. 2010<br \/>\n\u201eWinterbilder\u201c (6-10 Jahre)<\/p>\n<p>5.2. 2010<br \/>\n\u201eTanzende Schatten\u201c \u2013 Schattenspiel (6-10 J.)<\/p>\n<p style=\"text-align: center;\"><a href=\"http:\/\/web120.customer.net-spacy.com\/tanzendeschatten\/seite001.html\"><img loading=\"lazy\" decoding=\"async\" class=\"aligncenter size-full wp-image-50\" title=\"tanzendeschatten13-300x225\" src=\"http:\/\/web120.customer.net-spacy.com\/wordpress\/wp-content\/uploads\/tanzendeschatten13-300x225.jpg\" alt=\"\" width=\"300\" height=\"225\" \/><\/a>Bilder von dieser Veranstaltung finden Sie [ hier ].<\/p>\n<p>Artikel in der Siegener Zeitung  vom 16. Februar 2010<\/p>\n<p><a href=\"http:\/\/web120.customer.net-spacy.com\/wordpress\/wp-content\/uploads\/sz_IMG_2908.jpg\"><img loading=\"lazy\" decoding=\"async\" class=\"alignleft size-medium wp-image-51\" title=\"sz_IMG_2908\" src=\"http:\/\/web120.customer.net-spacy.com\/wordpress\/wp-content\/uploads\/sz_IMG_2908-194x300.jpg\" alt=\"\" width=\"194\" height=\"300\" srcset=\"http:\/\/www.kulturflecken.de\/wordpress\/wp-content\/uploads\/sz_IMG_2908-194x300.jpg 194w, http:\/\/www.kulturflecken.de\/wordpress\/wp-content\/uploads\/sz_IMG_2908.jpg 663w\" sizes=\"auto, (max-width: 194px) 100vw, 194px\" \/><\/a><\/p>\n<p>5.3. 2010<br \/>\n\u201eUschebtis f\u00fcr den Pharao\u201c \u2013 Tonobjekte wie im alten \u00c4gypten (ab 9 J.)<\/p>\n<p>16.4. 2010<br \/>\n\u201eAlles nur M\u00fcll?\u201c \u2013 Kunstobjekte aus Abfallprodukten (8- 12 J.)<\/p>\n<p>7.5. 2010<br \/>\n\u201eVersteckte Pers\u00f6nlichkeiten\u201c \u2013 Fotografie (ab 9 J.)<\/p>\n<p>11.6. 2010<br \/>\n\u201eWas in den \u00c4sten steckt\u201c \u2013 Fundst\u00fccke aus der Natur (8-12 J.)<\/p>\n<p>10.\/11.7. 2010<br \/>\nAusstellung aller Workshops \u2013 Ausstellungser\u00f6ffnung: Freitag, den 9.7.2010, 19 Uhr<\/p>\n","protected":false},"excerpt":{"rendered":"<p>Freitag, 08.01.2010 um 15:00 Uhr JungeKunstSchmiede Der KulturFlecken Silberstern e.V. bietet in diesem Jahr erstmalig in Zusammenarbeit mit dem Verein FRids &#8211; Freudenberger Kids e.V. eine regelm\u00e4\u00dfig stattfindende \u201eJungeKunstSchmiede\u201c an, in der interessierte Kinder und Jugendliche 1x pro Monat unter &hellip; <a href=\"http:\/\/www.kulturflecken.de\/wordpress\/?p=49\">Weiterlesen <span class=\"meta-nav\">&rarr;<\/span><\/a><\/p>\n","protected":false},"author":1,"featured_media":0,"comment_status":"closed","ping_status":"open","sticky":false,"template":"","format":"standard","meta":{"ngg_post_thumbnail":0,"footnotes":""},"categories":[1,30],"tags":[156],"class_list":["post-49","post","type-post","status-publish","format-standard","hentry","category-allgemein","category-jungekunstschmiede","tag-jungekunstschmiede"],"_links":{"self":[{"href":"http:\/\/www.kulturflecken.de\/wordpress\/index.php?rest_route=\/wp\/v2\/posts\/49","targetHints":{"allow":["GET"]}}],"collection":[{"href":"http:\/\/www.kulturflecken.de\/wordpress\/index.php?rest_route=\/wp\/v2\/posts"}],"about":[{"href":"http:\/\/www.kulturflecken.de\/wordpress\/index.php?rest_route=\/wp\/v2\/types\/post"}],"author":[{"embeddable":true,"href":"http:\/\/www.kulturflecken.de\/wordpress\/index.php?rest_route=\/wp\/v2\/users\/1"}],"replies":[{"embeddable":true,"href":"http:\/\/www.kulturflecken.de\/wordpress\/index.php?rest_route=%2Fwp%2Fv2%2Fcomments&post=49"}],"version-history":[{"count":3,"href":"http:\/\/www.kulturflecken.de\/wordpress\/index.php?rest_route=\/wp\/v2\/posts\/49\/revisions"}],"predecessor-version":[{"id":688,"href":"http:\/\/www.kulturflecken.de\/wordpress\/index.php?rest_route=\/wp\/v2\/posts\/49\/revisions\/688"}],"wp:attachment":[{"href":"http:\/\/www.kulturflecken.de\/wordpress\/index.php?rest_route=%2Fwp%2Fv2%2Fmedia&parent=49"}],"wp:term":[{"taxonomy":"category","embeddable":true,"href":"http:\/\/www.kulturflecken.de\/wordpress\/index.php?rest_route=%2Fwp%2Fv2%2Fcategories&post=49"},{"taxonomy":"post_tag","embeddable":true,"href":"http:\/\/www.kulturflecken.de\/wordpress\/index.php?rest_route=%2Fwp%2Fv2%2Ftags&post=49"}],"curies":[{"name":"wp","href":"https:\/\/api.w.org\/{rel}","templated":true}]}}